{"id":1305,"date":"2022-03-18T12:11:13","date_gmt":"2022-03-18T11:11:13","guid":{"rendered":"https:\/\/www.lebenswelt-schule.de\/?p=1305"},"modified":"2024-03-22T16:10:31","modified_gmt":"2024-03-22T15:10:31","slug":"einladung-zum-tag-der-offenen-tuer-2022","status":"publish","type":"post","link":"https:\/\/www.lebenswelt-schule.de\/index.php\/2022\/03\/18\/einladung-zum-tag-der-offenen-tuer-2022\/","title":{"rendered":"Tag der offenen T\u00fcr Mai 2022"},"content":{"rendered":"\n<figure class=\"wp-block-image size-large\"><img loading=\"lazy\" decoding=\"async\" width=\"991\" height=\"677\" src=\"https:\/\/www.lebenswelt-schule.de\/wp-content\/uploads\/2022\/03\/image-2.png\" alt=\"\" class=\"wp-image-1330\" srcset=\"https:\/\/www.lebenswelt-schule.de\/wp-content\/uploads\/2022\/03\/image-2.png 991w, https:\/\/www.lebenswelt-schule.de\/wp-content\/uploads\/2022\/03\/image-2-300x205.png 300w, https:\/\/www.lebenswelt-schule.de\/wp-content\/uploads\/2022\/03\/image-2-768x525.png 768w\" sizes=\"auto, (max-width: 991px) 100vw, 991px\" \/><\/figure>\n\n\n\n<p>Endlich ist es wieder m\u00f6glich! Denn nach zweij\u00e4hriger Unterbrechung \u00f6ffnen wir am 05.05.2022 alle T\u00fcren. Wir wollen zeigen, welchen gro\u00dfartigen Schatz unser Haus birgt. Wir laden Sie ein und erwarten ab 14 Uhr die ersten Besucher zu unserem Tag der offenen T\u00fcr. <\/p>\n\n\n\n<p>Unsere Sch\u00fcler*innen laden Sie zu einem gef\u00fchrten Spaziergang ein. Damit zeigen sie Ihnen ihre (Er-)Lebenswelt des Lernens. Dies wird auch durch pr\u00e4sentierte Projektarbeiten aus verschiedenen Lernbereichen sichtbar gemacht. Schauen Sie sich im Schulbereich bereitgelegte Montessori Materialien an. Hiermit eignen sich unsere Kinder im selbst\u00e4ndigen Lernen Wissen an.  <\/p>\n\n\n\n<p>Die offenen Angebote im Hortbereich laden zum Mitmachen ein, weil auch Kreativit\u00e4t einen Teil des Lernens ausmacht. Im Kinderkaffee k\u00f6nnen Sie gern kurz verschnaufen oder in einen Austausch treten.<\/p>\n\n\n\n<p>F\u00fcr vertiefende Gespr\u00e4che stehen Ihnen unsere P\u00e4dagoginnen zur Verf\u00fcgung. Aber auch Eltern, Sch\u00fcler*innen der Lebenswelt Schule und ehemalige Sch\u00fcler*innen sowie Vereinsmitglieder beantworten gern Ihre Fragen.  Schauen Sie bis 17 Uhr vorbei. Wir freuen uns auf Sie, weil wir Sie an unserem Tag der offenen T\u00fcr begeistern wollen.<\/p>\n","protected":false},"excerpt":{"rendered":"<p>Endlich ist es wieder m\u00f6glich! Denn nach zweij\u00e4hriger Unterbrechung \u00f6ffnen wir am 05.05.2022 alle T\u00fcren. Wir wollen zeigen, welchen gro\u00dfartigen Schatz unser Haus birgt. Wir laden Sie ein und erwarten ab 14 Uhr die ersten Besucher zu unserem Tag der offenen T\u00fcr. Unsere Sch\u00fcler*innen laden Sie zu einem gef\u00fchrten Spaziergang ein. Damit zeigen sie Ihnen<a href=\"https:\/\/www.lebenswelt-schule.de\/index.php\/2022\/03\/18\/einladung-zum-tag-der-offenen-tuer-2022\/\">[&#8230;]<\/a><\/p>\n","protected":false},"author":4,"featured_media":0,"comment_status":"closed","ping_status":"closed","sticky":false,"template":"","format":"standard","meta":{"_themeisle_gutenberg_block_has_review":false,"footnotes":""},"categories":[1],"tags":[],"class_list":["post-1305","post","type-post","status-publish","format-standard","hentry","category-allgemein"],"yoast_head":"<!-- This site is optimized with the Yoast SEO plugin v26.9 - https:\/\/yoast.com\/product\/yoast-seo-wordpress\/ -->\n<title>Tag der offenen T\u00fcr Mai 2022<\/title>\n<meta name=\"description\" content=\"Endlich wird es wieder m\u00f6gliche sein und wir \u00f6ffnen am 05.05.2022 alle T\u00fcren. Wir wollen zeigen, welcher Schatz sich in unserem Haus verbirgt. Ab 14 Uhr erwarten wir die ersten Besucher zu unserem Tag der offenen T\u00fcr. Unsere Sch\u00fcler*innen laden Sie zu einem gef\u00fchrten Spaziergang ein. Damit zeigen sie Ihnen ihre (Er-)Lebenswelt des Lernens. Schauen Sie sich im Schulbereich bereitgelegte Montessori Materialien an. Hiermit eignen sich die Kinder im selbst\u00e4ndigen Lernen Wissen an. Die offenen Angebote im Hortbereich laden zum Mitmachen ein, denn auch Kreativit\u00e4t macht einen Teil des Lernens aus. F\u00fcr ein vertiefendes Gespr\u00e4ch stehen Ihnen unsere P\u00e4dagoginnen zur Verf\u00fcgung. Aber auch Eltern, Sch\u00fcler*innen der Lebenswelt Schule und ehemalige Sch\u00fcler*innen sowie Vereinsmitglieder beantworten gern Ihre Fragen. Schauen Sie bis 17 Uhr vorbei. Wir freuen uns auf Sie, weil wir Sie an unserem Tag der offenen T\u00fcr begeistern wollen.\" \/>\n<meta name=\"robots\" content=\"index, follow, max-snippet:-1, max-image-preview:large, max-video-preview:-1\" \/>\n<link rel=\"canonical\" href=\"https:\/\/www.lebenswelt-schule.de\/index.php\/2022\/03\/18\/einladung-zum-tag-der-offenen-tuer-2022\/\" \/>\n<meta property=\"og:locale\" content=\"de_DE\" \/>\n<meta property=\"og:type\" content=\"article\" \/>\n<meta property=\"og:title\" content=\"Tag der offenen T\u00fcr Mai 2022\" \/>\n<meta property=\"og:description\" content=\"Endlich wird es wieder m\u00f6gliche sein und wir \u00f6ffnen am 05.05.2022 alle T\u00fcren. Wir wollen zeigen, welcher Schatz sich in unserem Haus verbirgt. Ab 14 Uhr erwarten wir die ersten Besucher zu unserem Tag der offenen T\u00fcr. Unsere Sch\u00fcler*innen laden Sie zu einem gef\u00fchrten Spaziergang ein. Damit zeigen sie Ihnen ihre (Er-)Lebenswelt des Lernens. Schauen Sie sich im Schulbereich bereitgelegte Montessori Materialien an. Hiermit eignen sich die Kinder im selbst\u00e4ndigen Lernen Wissen an. Die offenen Angebote im Hortbereich laden zum Mitmachen ein, denn auch Kreativit\u00e4t macht einen Teil des Lernens aus. F\u00fcr ein vertiefendes Gespr\u00e4ch stehen Ihnen unsere P\u00e4dagoginnen zur Verf\u00fcgung. Aber auch Eltern, Sch\u00fcler*innen der Lebenswelt Schule und ehemalige Sch\u00fcler*innen sowie Vereinsmitglieder beantworten gern Ihre Fragen. Schauen Sie bis 17 Uhr vorbei. Wir freuen uns auf Sie, weil wir Sie an unserem Tag der offenen T\u00fcr begeistern wollen.\" \/>\n<meta property=\"og:url\" content=\"https:\/\/www.lebenswelt-schule.de\/index.php\/2022\/03\/18\/einladung-zum-tag-der-offenen-tuer-2022\/\" \/>\n<meta property=\"og:site_name\" content=\"Lebenswelt Schule\" \/>\n<meta property=\"article:publisher\" content=\"https:\/\/www.facebook.com\/lebensweltschule\" \/>\n<meta property=\"article:published_time\" content=\"2022-03-18T11:11:13+00:00\" \/>\n<meta property=\"article:modified_time\" content=\"2024-03-22T15:10:31+00:00\" \/>\n<meta property=\"og:image\" content=\"https:\/\/lebenswelt-schule-de.server.wwu.media\/wp-content\/uploads\/2022\/03\/image-2.png\" \/>\n<meta name=\"author\" content=\"Silvia Hofmann\" \/>\n<meta name=\"twitter:card\" content=\"summary_large_image\" \/>\n<meta name=\"twitter:label1\" content=\"Verfasst von\" \/>\n\t<meta name=\"twitter:data1\" content=\"Silvia Hofmann\" \/>\n\t<meta name=\"twitter:label2\" content=\"Gesch\u00e4tzte Lesezeit\" \/>\n\t<meta name=\"twitter:data2\" content=\"2\u00a0Minuten\" \/>\n<script type=\"application\/ld+json\" class=\"yoast-schema-graph\">{\"@context\":\"https:\/\/schema.org\",\"@graph\":[{\"@type\":\"Article\",\"@id\":\"https:\/\/www.lebenswelt-schule.de\/index.php\/2022\/03\/18\/einladung-zum-tag-der-offenen-tuer-2022\/#article\",\"isPartOf\":{\"@id\":\"https:\/\/www.lebenswelt-schule.de\/index.php\/2022\/03\/18\/einladung-zum-tag-der-offenen-tuer-2022\/\"},\"author\":{\"name\":\"Silvia Hofmann\",\"@id\":\"https:\/\/www.lebenswelt-schule.de\/#\/schema\/person\/f02933d4072455cd331f72e0431d961b\"},\"headline\":\"Tag der offenen T\u00fcr Mai 2022\",\"datePublished\":\"2022-03-18T11:11:13+00:00\",\"dateModified\":\"2024-03-22T15:10:31+00:00\",\"mainEntityOfPage\":{\"@id\":\"https:\/\/www.lebenswelt-schule.de\/index.php\/2022\/03\/18\/einladung-zum-tag-der-offenen-tuer-2022\/\"},\"wordCount\":190,\"publisher\":{\"@id\":\"https:\/\/www.lebenswelt-schule.de\/#organization\"},\"image\":{\"@id\":\"https:\/\/www.lebenswelt-schule.de\/index.php\/2022\/03\/18\/einladung-zum-tag-der-offenen-tuer-2022\/#primaryimage\"},\"thumbnailUrl\":\"https:\/\/www.lebenswelt-schule.de\/wp-content\/uploads\/2022\/03\/image-2.png\",\"inLanguage\":\"de\"},{\"@type\":[\"WebPage\",\"ItemPage\"],\"@id\":\"https:\/\/www.lebenswelt-schule.de\/index.php\/2022\/03\/18\/einladung-zum-tag-der-offenen-tuer-2022\/\",\"url\":\"https:\/\/www.lebenswelt-schule.de\/index.php\/2022\/03\/18\/einladung-zum-tag-der-offenen-tuer-2022\/\",\"name\":\"Tag der offenen T\u00fcr Mai 2022\",\"isPartOf\":{\"@id\":\"https:\/\/www.lebenswelt-schule.de\/#website\"},\"primaryImageOfPage\":{\"@id\":\"https:\/\/www.lebenswelt-schule.de\/index.php\/2022\/03\/18\/einladung-zum-tag-der-offenen-tuer-2022\/#primaryimage\"},\"image\":{\"@id\":\"https:\/\/www.lebenswelt-schule.de\/index.php\/2022\/03\/18\/einladung-zum-tag-der-offenen-tuer-2022\/#primaryimage\"},\"thumbnailUrl\":\"https:\/\/www.lebenswelt-schule.de\/wp-content\/uploads\/2022\/03\/image-2.png\",\"datePublished\":\"2022-03-18T11:11:13+00:00\",\"dateModified\":\"2024-03-22T15:10:31+00:00\",\"description\":\"Endlich wird es wieder m\u00f6gliche sein und wir \u00f6ffnen am 05.05.2022 alle T\u00fcren. Wir wollen zeigen, welcher Schatz sich in unserem Haus verbirgt. Ab 14 Uhr erwarten wir die ersten Besucher zu unserem Tag der offenen T\u00fcr. Unsere Sch\u00fcler*innen laden Sie zu einem gef\u00fchrten Spaziergang ein. Damit zeigen sie Ihnen ihre (Er-)Lebenswelt des Lernens. Schauen Sie sich im Schulbereich bereitgelegte Montessori Materialien an. Hiermit eignen sich die Kinder im selbst\u00e4ndigen Lernen Wissen an. Die offenen Angebote im Hortbereich laden zum Mitmachen ein, denn auch Kreativit\u00e4t macht einen Teil des Lernens aus. F\u00fcr ein vertiefendes Gespr\u00e4ch stehen Ihnen unsere P\u00e4dagoginnen zur Verf\u00fcgung. Aber auch Eltern, Sch\u00fcler*innen der Lebenswelt Schule und ehemalige Sch\u00fcler*innen sowie Vereinsmitglieder beantworten gern Ihre Fragen. Schauen Sie bis 17 Uhr vorbei. Wir freuen uns auf Sie, weil wir Sie an unserem Tag der offenen T\u00fcr begeistern wollen.\",\"breadcrumb\":{\"@id\":\"https:\/\/www.lebenswelt-schule.de\/index.php\/2022\/03\/18\/einladung-zum-tag-der-offenen-tuer-2022\/#breadcrumb\"},\"inLanguage\":\"de\",\"potentialAction\":[{\"@type\":\"ReadAction\",\"target\":[\"https:\/\/www.lebenswelt-schule.de\/index.php\/2022\/03\/18\/einladung-zum-tag-der-offenen-tuer-2022\/\"]}]},{\"@type\":\"ImageObject\",\"inLanguage\":\"de\",\"@id\":\"https:\/\/www.lebenswelt-schule.de\/index.php\/2022\/03\/18\/einladung-zum-tag-der-offenen-tuer-2022\/#primaryimage\",\"url\":\"https:\/\/www.lebenswelt-schule.de\/wp-content\/uploads\/2022\/03\/image-2.png\",\"contentUrl\":\"https:\/\/www.lebenswelt-schule.de\/wp-content\/uploads\/2022\/03\/image-2.png\",\"width\":991,\"height\":677},{\"@type\":\"BreadcrumbList\",\"@id\":\"https:\/\/www.lebenswelt-schule.de\/index.php\/2022\/03\/18\/einladung-zum-tag-der-offenen-tuer-2022\/#breadcrumb\",\"itemListElement\":[{\"@type\":\"ListItem\",\"position\":1,\"name\":\"Home\",\"item\":\"https:\/\/www.lebenswelt-schule.de\/\"},{\"@type\":\"ListItem\",\"position\":2,\"name\":\"Tag der offenen T\u00fcr Mai 2022\"}]},{\"@type\":\"WebSite\",\"@id\":\"https:\/\/www.lebenswelt-schule.de\/#website\",\"url\":\"https:\/\/www.lebenswelt-schule.de\/\",\"name\":\"Lebenswelt Schule\",\"description\":\"Christliche Montessori-Ganztagsschule staatlich anerkannte Ersatzschule\",\"publisher\":{\"@id\":\"https:\/\/www.lebenswelt-schule.de\/#organization\"},\"potentialAction\":[{\"@type\":\"SearchAction\",\"target\":{\"@type\":\"EntryPoint\",\"urlTemplate\":\"https:\/\/www.lebenswelt-schule.de\/?s={search_term_string}\"},\"query-input\":{\"@type\":\"PropertyValueSpecification\",\"valueRequired\":true,\"valueName\":\"search_term_string\"}}],\"inLanguage\":\"de\"},{\"@type\":\"Organization\",\"@id\":\"https:\/\/www.lebenswelt-schule.de\/#organization\",\"name\":\"Lebenswelt Schule\",\"url\":\"https:\/\/www.lebenswelt-schule.de\/\",\"logo\":{\"@type\":\"ImageObject\",\"inLanguage\":\"de\",\"@id\":\"https:\/\/www.lebenswelt-schule.de\/#\/schema\/logo\/image\/\",\"url\":\"https:\/\/www.lebenswelt-schule.de\/wp-content\/uploads\/2021\/01\/logo-briefkopf.jpg\",\"contentUrl\":\"https:\/\/www.lebenswelt-schule.de\/wp-content\/uploads\/2021\/01\/logo-briefkopf.jpg\",\"width\":2442,\"height\":1638,\"caption\":\"Lebenswelt Schule\"},\"image\":{\"@id\":\"https:\/\/www.lebenswelt-schule.de\/#\/schema\/logo\/image\/\"},\"sameAs\":[\"https:\/\/www.facebook.com\/lebensweltschule\"]},{\"@type\":\"Person\",\"@id\":\"https:\/\/www.lebenswelt-schule.de\/#\/schema\/person\/f02933d4072455cd331f72e0431d961b\",\"name\":\"Silvia Hofmann\",\"image\":{\"@type\":\"ImageObject\",\"inLanguage\":\"de\",\"@id\":\"https:\/\/www.lebenswelt-schule.de\/#\/schema\/person\/image\/\",\"url\":\"https:\/\/secure.gravatar.com\/avatar\/273187f2e42ff45e3ac78dea717527c4c5e1904ad2a3d15e219a58894d9ff14d?s=96&d=mm&r=g\",\"contentUrl\":\"https:\/\/secure.gravatar.com\/avatar\/273187f2e42ff45e3ac78dea717527c4c5e1904ad2a3d15e219a58894d9ff14d?s=96&d=mm&r=g\",\"caption\":\"Silvia Hofmann\"},\"url\":\"https:\/\/www.lebenswelt-schule.de\/index.php\/author\/s-hofmann\/\"}]}<\/script>\n<!-- \/ Yoast SEO plugin. -->","yoast_head_json":{"title":"Tag der offenen T\u00fcr Mai 2022","description":"Endlich wird es wieder m\u00f6gliche sein und wir \u00f6ffnen am 05.05.2022 alle T\u00fcren. Wir wollen zeigen, welcher Schatz sich in unserem Haus verbirgt. Ab 14 Uhr erwarten wir die ersten Besucher zu unserem Tag der offenen T\u00fcr. Unsere Sch\u00fcler*innen laden Sie zu einem gef\u00fchrten Spaziergang ein. Damit zeigen sie Ihnen ihre (Er-)Lebenswelt des Lernens. Schauen Sie sich im Schulbereich bereitgelegte Montessori Materialien an. Hiermit eignen sich die Kinder im selbst\u00e4ndigen Lernen Wissen an. Die offenen Angebote im Hortbereich laden zum Mitmachen ein, denn auch Kreativit\u00e4t macht einen Teil des Lernens aus. F\u00fcr ein vertiefendes Gespr\u00e4ch stehen Ihnen unsere P\u00e4dagoginnen zur Verf\u00fcgung. Aber auch Eltern, Sch\u00fcler*innen der Lebenswelt Schule und ehemalige Sch\u00fcler*innen sowie Vereinsmitglieder beantworten gern Ihre Fragen. Schauen Sie bis 17 Uhr vorbei. Wir freuen uns auf Sie, weil wir Sie an unserem Tag der offenen T\u00fcr begeistern wollen.","robots":{"index":"index","follow":"follow","max-snippet":"max-snippet:-1","max-image-preview":"max-image-preview:large","max-video-preview":"max-video-preview:-1"},"canonical":"https:\/\/www.lebenswelt-schule.de\/index.php\/2022\/03\/18\/einladung-zum-tag-der-offenen-tuer-2022\/","og_locale":"de_DE","og_type":"article","og_title":"Tag der offenen T\u00fcr Mai 2022","og_description":"Endlich wird es wieder m\u00f6gliche sein und wir \u00f6ffnen am 05.05.2022 alle T\u00fcren. Wir wollen zeigen, welcher Schatz sich in unserem Haus verbirgt. Ab 14 Uhr erwarten wir die ersten Besucher zu unserem Tag der offenen T\u00fcr. Unsere Sch\u00fcler*innen laden Sie zu einem gef\u00fchrten Spaziergang ein. Damit zeigen sie Ihnen ihre (Er-)Lebenswelt des Lernens. Schauen Sie sich im Schulbereich bereitgelegte Montessori Materialien an. Hiermit eignen sich die Kinder im selbst\u00e4ndigen Lernen Wissen an. Die offenen Angebote im Hortbereich laden zum Mitmachen ein, denn auch Kreativit\u00e4t macht einen Teil des Lernens aus. F\u00fcr ein vertiefendes Gespr\u00e4ch stehen Ihnen unsere P\u00e4dagoginnen zur Verf\u00fcgung. Aber auch Eltern, Sch\u00fcler*innen der Lebenswelt Schule und ehemalige Sch\u00fcler*innen sowie Vereinsmitglieder beantworten gern Ihre Fragen. Schauen Sie bis 17 Uhr vorbei. Wir freuen uns auf Sie, weil wir Sie an unserem Tag der offenen T\u00fcr begeistern wollen.","og_url":"https:\/\/www.lebenswelt-schule.de\/index.php\/2022\/03\/18\/einladung-zum-tag-der-offenen-tuer-2022\/","og_site_name":"Lebenswelt Schule","article_publisher":"https:\/\/www.facebook.com\/lebensweltschule","article_published_time":"2022-03-18T11:11:13+00:00","article_modified_time":"2024-03-22T15:10:31+00:00","og_image":[{"url":"https:\/\/lebenswelt-schule-de.server.wwu.media\/wp-content\/uploads\/2022\/03\/image-2.png","type":"","width":"","height":""}],"author":"Silvia Hofmann","twitter_card":"summary_large_image","twitter_misc":{"Verfasst von":"Silvia Hofmann","Gesch\u00e4tzte Lesezeit":"2\u00a0Minuten"},"schema":{"@context":"https:\/\/schema.org","@graph":[{"@type":"Article","@id":"https:\/\/www.lebenswelt-schule.de\/index.php\/2022\/03\/18\/einladung-zum-tag-der-offenen-tuer-2022\/#article","isPartOf":{"@id":"https:\/\/www.lebenswelt-schule.de\/index.php\/2022\/03\/18\/einladung-zum-tag-der-offenen-tuer-2022\/"},"author":{"name":"Silvia Hofmann","@id":"https:\/\/www.lebenswelt-schule.de\/#\/schema\/person\/f02933d4072455cd331f72e0431d961b"},"headline":"Tag der offenen T\u00fcr Mai 2022","datePublished":"2022-03-18T11:11:13+00:00","dateModified":"2024-03-22T15:10:31+00:00","mainEntityOfPage":{"@id":"https:\/\/www.lebenswelt-schule.de\/index.php\/2022\/03\/18\/einladung-zum-tag-der-offenen-tuer-2022\/"},"wordCount":190,"publisher":{"@id":"https:\/\/www.lebenswelt-schule.de\/#organization"},"image":{"@id":"https:\/\/www.lebenswelt-schule.de\/index.php\/2022\/03\/18\/einladung-zum-tag-der-offenen-tuer-2022\/#primaryimage"},"thumbnailUrl":"https:\/\/www.lebenswelt-schule.de\/wp-content\/uploads\/2022\/03\/image-2.png","inLanguage":"de"},{"@type":["WebPage","ItemPage"],"@id":"https:\/\/www.lebenswelt-schule.de\/index.php\/2022\/03\/18\/einladung-zum-tag-der-offenen-tuer-2022\/","url":"https:\/\/www.lebenswelt-schule.de\/index.php\/2022\/03\/18\/einladung-zum-tag-der-offenen-tuer-2022\/","name":"Tag der offenen T\u00fcr Mai 2022","isPartOf":{"@id":"https:\/\/www.lebenswelt-schule.de\/#website"},"primaryImageOfPage":{"@id":"https:\/\/www.lebenswelt-schule.de\/index.php\/2022\/03\/18\/einladung-zum-tag-der-offenen-tuer-2022\/#primaryimage"},"image":{"@id":"https:\/\/www.lebenswelt-schule.de\/index.php\/2022\/03\/18\/einladung-zum-tag-der-offenen-tuer-2022\/#primaryimage"},"thumbnailUrl":"https:\/\/www.lebenswelt-schule.de\/wp-content\/uploads\/2022\/03\/image-2.png","datePublished":"2022-03-18T11:11:13+00:00","dateModified":"2024-03-22T15:10:31+00:00","description":"Endlich wird es wieder m\u00f6gliche sein und wir \u00f6ffnen am 05.05.2022 alle T\u00fcren. Wir wollen zeigen, welcher Schatz sich in unserem Haus verbirgt. Ab 14 Uhr erwarten wir die ersten Besucher zu unserem Tag der offenen T\u00fcr. Unsere Sch\u00fcler*innen laden Sie zu einem gef\u00fchrten Spaziergang ein. Damit zeigen sie Ihnen ihre (Er-)Lebenswelt des Lernens. Schauen Sie sich im Schulbereich bereitgelegte Montessori Materialien an. Hiermit eignen sich die Kinder im selbst\u00e4ndigen Lernen Wissen an. Die offenen Angebote im Hortbereich laden zum Mitmachen ein, denn auch Kreativit\u00e4t macht einen Teil des Lernens aus. F\u00fcr ein vertiefendes Gespr\u00e4ch stehen Ihnen unsere P\u00e4dagoginnen zur Verf\u00fcgung. Aber auch Eltern, Sch\u00fcler*innen der Lebenswelt Schule und ehemalige Sch\u00fcler*innen sowie Vereinsmitglieder beantworten gern Ihre Fragen. Schauen Sie bis 17 Uhr vorbei. Wir freuen uns auf Sie, weil wir Sie an unserem Tag der offenen T\u00fcr begeistern wollen.","breadcrumb":{"@id":"https:\/\/www.lebenswelt-schule.de\/index.php\/2022\/03\/18\/einladung-zum-tag-der-offenen-tuer-2022\/#breadcrumb"},"inLanguage":"de","potentialAction":[{"@type":"ReadAction","target":["https:\/\/www.lebenswelt-schule.de\/index.php\/2022\/03\/18\/einladung-zum-tag-der-offenen-tuer-2022\/"]}]},{"@type":"ImageObject","inLanguage":"de","@id":"https:\/\/www.lebenswelt-schule.de\/index.php\/2022\/03\/18\/einladung-zum-tag-der-offenen-tuer-2022\/#primaryimage","url":"https:\/\/www.lebenswelt-schule.de\/wp-content\/uploads\/2022\/03\/image-2.png","contentUrl":"https:\/\/www.lebenswelt-schule.de\/wp-content\/uploads\/2022\/03\/image-2.png","width":991,"height":677},{"@type":"BreadcrumbList","@id":"https:\/\/www.lebenswelt-schule.de\/index.php\/2022\/03\/18\/einladung-zum-tag-der-offenen-tuer-2022\/#breadcrumb","itemListElement":[{"@type":"ListItem","position":1,"name":"Home","item":"https:\/\/www.lebenswelt-schule.de\/"},{"@type":"ListItem","position":2,"name":"Tag der offenen T\u00fcr Mai 2022"}]},{"@type":"WebSite","@id":"https:\/\/www.lebenswelt-schule.de\/#website","url":"https:\/\/www.lebenswelt-schule.de\/","name":"Lebenswelt Schule","description":"Christliche Montessori-Ganztagsschule staatlich anerkannte Ersatzschule","publisher":{"@id":"https:\/\/www.lebenswelt-schule.de\/#organization"},"potentialAction":[{"@type":"SearchAction","target":{"@type":"EntryPoint","urlTemplate":"https:\/\/www.lebenswelt-schule.de\/?s={search_term_string}"},"query-input":{"@type":"PropertyValueSpecification","valueRequired":true,"valueName":"search_term_string"}}],"inLanguage":"de"},{"@type":"Organization","@id":"https:\/\/www.lebenswelt-schule.de\/#organization","name":"Lebenswelt Schule","url":"https:\/\/www.lebenswelt-schule.de\/","logo":{"@type":"ImageObject","inLanguage":"de","@id":"https:\/\/www.lebenswelt-schule.de\/#\/schema\/logo\/image\/","url":"https:\/\/www.lebenswelt-schule.de\/wp-content\/uploads\/2021\/01\/logo-briefkopf.jpg","contentUrl":"https:\/\/www.lebenswelt-schule.de\/wp-content\/uploads\/2021\/01\/logo-briefkopf.jpg","width":2442,"height":1638,"caption":"Lebenswelt Schule"},"image":{"@id":"https:\/\/www.lebenswelt-schule.de\/#\/schema\/logo\/image\/"},"sameAs":["https:\/\/www.facebook.com\/lebensweltschule"]},{"@type":"Person","@id":"https:\/\/www.lebenswelt-schule.de\/#\/schema\/person\/f02933d4072455cd331f72e0431d961b","name":"Silvia Hofmann","image":{"@type":"ImageObject","inLanguage":"de","@id":"https:\/\/www.lebenswelt-schule.de\/#\/schema\/person\/image\/","url":"https:\/\/secure.gravatar.com\/avatar\/273187f2e42ff45e3ac78dea717527c4c5e1904ad2a3d15e219a58894d9ff14d?s=96&d=mm&r=g","contentUrl":"https:\/\/secure.gravatar.com\/avatar\/273187f2e42ff45e3ac78dea717527c4c5e1904ad2a3d15e219a58894d9ff14d?s=96&d=mm&r=g","caption":"Silvia Hofmann"},"url":"https:\/\/www.lebenswelt-schule.de\/index.php\/author\/s-hofmann\/"}]}},"_links":{"self":[{"href":"https:\/\/www.lebenswelt-schule.de\/index.php\/wp-json\/wp\/v2\/posts\/1305","targetHints":{"allow":["GET"]}}],"collection":[{"href":"https:\/\/www.lebenswelt-schule.de\/index.php\/wp-json\/wp\/v2\/posts"}],"about":[{"href":"https:\/\/www.lebenswelt-schule.de\/index.php\/wp-json\/wp\/v2\/types\/post"}],"author":[{"embeddable":true,"href":"https:\/\/www.lebenswelt-schule.de\/index.php\/wp-json\/wp\/v2\/users\/4"}],"replies":[{"embeddable":true,"href":"https:\/\/www.lebenswelt-schule.de\/index.php\/wp-json\/wp\/v2\/comments?post=1305"}],"version-history":[{"count":14,"href":"https:\/\/www.lebenswelt-schule.de\/index.php\/wp-json\/wp\/v2\/posts\/1305\/revisions"}],"predecessor-version":[{"id":1331,"href":"https:\/\/www.lebenswelt-schule.de\/index.php\/wp-json\/wp\/v2\/posts\/1305\/revisions\/1331"}],"wp:attachment":[{"href":"https:\/\/www.lebenswelt-schule.de\/index.php\/wp-json\/wp\/v2\/media?parent=1305"}],"wp:term":[{"taxonomy":"category","embeddable":true,"href":"https:\/\/www.lebenswelt-schule.de\/index.php\/wp-json\/wp\/v2\/categories?post=1305"},{"taxonomy":"post_tag","embeddable":true,"href":"https:\/\/www.lebenswelt-schule.de\/index.php\/wp-json\/wp\/v2\/tags?post=1305"}],"curies":[{"name":"wp","href":"https:\/\/api.w.org\/{rel}","templated":true}]}}